{"id":243,"date":"2023-05-02T17:03:37","date_gmt":"2023-05-02T17:03:37","guid":{"rendered":"https:\/\/divulganatura.com\/?p=243"},"modified":"2024-03-31T16:49:53","modified_gmt":"2024-03-31T16:49:53","slug":"biogeografia-modelo-estadistico-predictivo-de-la-distribucion-de-los-hayedos-de-la-fagion-sylvaticae-en-la-espana-peninsular","status":"publish","type":"post","link":"https:\/\/divulganatura.com\/index.php\/2023\/05\/02\/biogeografia-modelo-estadistico-predictivo-de-la-distribucion-de-los-hayedos-de-la-fagion-sylvaticae-en-la-espana-peninsular\/","title":{"rendered":"Biogeograf\u00eda: Modelo estad\u00edstico predictivo de la distribuci\u00f3n de los hayedos de la Fagion sylvaticae en la Espa\u00f1a peninsular."},"content":{"rendered":"\n<p>INVESTIGACI\u00d3N BIOGEOGR\u00c1FICA | FITOGEOGRAF\u00cdA<\/p>\n\n\n\n<p>Hace unos a\u00f1os hicimos este estudio con el fin de elaborar un modelo estad\u00edstico predictivo de la distribuci\u00f3n de los hayedos de la Fagion sylvaticae en la Espa\u00f1a peninsular. El resultado es una funci\u00f3n capaz de clasificar correctamente las presencias y ausencias de la misma en el territorio nacional y de generar territorios potencialmente favorables para la alianza fitosociol\u00f3gica, atendiendo a las variables que resultaron <a><\/a>significativas. Compartimos con vosotros las conclusiones m\u00e1s generales del estudio.<\/p>\n\n\n\n<p><\/p>\n\n\n\n<p>Aplicaci\u00f3n de la t\u00e9cnica estad\u00edstica de regresi\u00f3n log\u00edstica a los datos de distribuci\u00f3n de la alianza Fagion sylvaticae con el fin de desarrollar un modelo ajustado a los datos de distribuci\u00f3n disponibles hoy en Espa\u00f1a. El modelo, excepcionalmente parsimonioso, incluy\u00f3 solo 7 de las 35 variables clim\u00e1ticas, topogr\u00e1ficas y espaciales testeadas. Los par\u00e1metros utilizados para su evaluaci\u00f3n mostraron una muy buena capacidad de discriminaci\u00f3n entre cuadr\u00edculas ocupadas y no ocupadas por hayedos de Fagion sylvaticae, alcanzando una tasa de clasificaci\u00f3n correcta del 89.9% y un porcentaje de cuadr\u00edculas con presencia bien clasificadas del 97.1%.<\/p>\n\n\n\n<p>Seg\u00fan los resultados obtenidos, los territorios monta\u00f1osos localizados hacia el Noreste de la Pen\u00ednsula Ib\u00e9rica que presentan una buena disponibilidad de recursos h\u00eddricos (abundantes y predecibles) son favorables para la presencia de los hayedos estudiados.<\/p>\n\n\n\n<p>De los analizados, el factor con mayor capacidad para explicar la distribuci\u00f3n de la alianza Fagion sylvaticae en la Espa\u00f1a peninsular es el clim\u00e1tico que, adem\u00e1s, se encuentra muy estructurado espacialmente. La estructuraci\u00f3n observada indica que los condicionantes clim\u00e1ticos de la distribuci\u00f3n del hayedo var\u00edan seg\u00fan un gradiente tanto latitudinal como longitudinal, que se corresponde con los conocidos gradientes de precipitaciones existentes entre las zonas de clima mediterr\u00e1neo y templado. Las variables clim\u00e1ticas incluidas en el modelo reflejan en general la necesidad de la existencia de una buena disponibilidad de recursos h\u00eddricos, tanto en abundancia como en regularidad. Este hecho provoca que los hayedos sean incapaces de adentrarse y medrar en territorios mediterr\u00e1neos, donde existe una fuerte disminuci\u00f3n de la pluviometr\u00eda y, m\u00e1s a\u00fan, una marcada sequ\u00eda estival.<\/p>\n\n\n\n<p>La interacci\u00f3n entre el clima y la topograf\u00eda muestra que la distribuci\u00f3n de estos hayedos en la Espa\u00f1a peninsular es tambi\u00e9n el resultado de una compensaci\u00f3n de los cambios que se producen en las condiciones clim\u00e1ticas \u00f3ptimas al descender, especialmente, en latitud. De esta forma, los hayedos de Fagion sylvaticae se localizan en territorios de car\u00e1cter monta\u00f1oso porque es all\u00ed donde encuentran las condiciones clim\u00e1ticas \u00f3ptimas a estas latitudes.<\/p>\n\n\n\n<p>Por \u00faltimo, la distribuci\u00f3n actual de los hayedos de Fagion sylvaticae en Espa\u00f1a parece tambien estar condicionada, en cierta medida, por la estructura espacial, que podr\u00eda estar relacionada con 1) fen\u00f3menos de migraci\u00f3n desde territorios Centroeuropeos que act\u00faan como fuente hist\u00f3rica de inmigrantes y 2) los refugios glaciales existentes en el tercio Norte peninsular.<\/p>\n\n\n\n<figure class=\"wp-block-gallery has-nested-images columns-default is-cropped wp-block-gallery-1 is-layout-flex wp-block-gallery-is-layout-flex\">\n<figure class=\"wp-block-image size-large\"><img decoding=\"async\" width=\"523\" height=\"877\" data-id=\"244\" data-src=\"https:\/\/divulganatura.com\/wp-content\/uploads\/2023\/05\/b1.png\" alt=\"\" class=\"wp-image-244 lazyload\" data-srcset=\"https:\/\/divulganatura.com\/wp-content\/uploads\/2023\/05\/b1.png 523w, https:\/\/divulganatura.com\/wp-content\/uploads\/2023\/05\/b1-179x300.png 179w\" data-sizes=\"(max-width: 523px) 100vw, 523px\" src=\"data:image\/svg+xml;base64,PHN2ZyB3aWR0aD0iMSIgaGVpZ2h0PSIxIiB4bWxucz0iaHR0cDovL3d3dy53My5vcmcvMjAwMC9zdmciPjwvc3ZnPg==\" style=\"--smush-placeholder-width: 523px; --smush-placeholder-aspect-ratio: 523\/877;\" \/><\/figure>\n\n\n\n<figure class=\"wp-block-image size-large\"><img decoding=\"async\" width=\"1024\" height=\"707\" data-id=\"245\" data-src=\"https:\/\/divulganatura.com\/wp-content\/uploads\/2023\/05\/b2-1024x707.png\" alt=\"\" class=\"wp-image-245 lazyload\" data-srcset=\"https:\/\/divulganatura.com\/wp-content\/uploads\/2023\/05\/b2-1024x707.png 1024w, https:\/\/divulganatura.com\/wp-content\/uploads\/2023\/05\/b2-300x207.png 300w, https:\/\/divulganatura.com\/wp-content\/uploads\/2023\/05\/b2-768x530.png 768w, https:\/\/divulganatura.com\/wp-content\/uploads\/2023\/05\/b2.png 1123w\" data-sizes=\"(max-width: 1024px) 100vw, 1024px\" src=\"data:image\/svg+xml;base64,PHN2ZyB3aWR0aD0iMSIgaGVpZ2h0PSIxIiB4bWxucz0iaHR0cDovL3d3dy53My5vcmcvMjAwMC9zdmciPjwvc3ZnPg==\" style=\"--smush-placeholder-width: 1024px; --smush-placeholder-aspect-ratio: 1024\/707;\" \/><\/figure>\n\n\n\n<figure class=\"wp-block-image size-large\"><img decoding=\"async\" width=\"947\" height=\"951\" data-id=\"247\" data-src=\"https:\/\/divulganatura.com\/wp-content\/uploads\/2023\/05\/b3.png\" alt=\"\" class=\"wp-image-247 lazyload\" data-srcset=\"https:\/\/divulganatura.com\/wp-content\/uploads\/2023\/05\/b3.png 947w, https:\/\/divulganatura.com\/wp-content\/uploads\/2023\/05\/b3-300x300.png 300w, https:\/\/divulganatura.com\/wp-content\/uploads\/2023\/05\/b3-150x150.png 150w, https:\/\/divulganatura.com\/wp-content\/uploads\/2023\/05\/b3-768x771.png 768w\" data-sizes=\"(max-width: 947px) 100vw, 947px\" src=\"data:image\/svg+xml;base64,PHN2ZyB3aWR0aD0iMSIgaGVpZ2h0PSIxIiB4bWxucz0iaHR0cDovL3d3dy53My5vcmcvMjAwMC9zdmciPjwvc3ZnPg==\" style=\"--smush-placeholder-width: 947px; --smush-placeholder-aspect-ratio: 947\/951;\" \/><\/figure>\n\n\n\n<figure class=\"wp-block-image size-large\"><img decoding=\"async\" width=\"1024\" height=\"633\" data-id=\"246\" data-src=\"https:\/\/divulganatura.com\/wp-content\/uploads\/2023\/05\/b5-1024x633.png\" alt=\"\" class=\"wp-image-246 lazyload\" data-srcset=\"https:\/\/divulganatura.com\/wp-content\/uploads\/2023\/05\/b5-1024x633.png 1024w, https:\/\/divulganatura.com\/wp-content\/uploads\/2023\/05\/b5-300x185.png 300w, https:\/\/divulganatura.com\/wp-content\/uploads\/2023\/05\/b5-768x475.png 768w, https:\/\/divulganatura.com\/wp-content\/uploads\/2023\/05\/b5.png 1477w\" data-sizes=\"(max-width: 1024px) 100vw, 1024px\" src=\"data:image\/svg+xml;base64,PHN2ZyB3aWR0aD0iMSIgaGVpZ2h0PSIxIiB4bWxucz0iaHR0cDovL3d3dy53My5vcmcvMjAwMC9zdmciPjwvc3ZnPg==\" style=\"--smush-placeholder-width: 1024px; --smush-placeholder-aspect-ratio: 1024\/633;\" \/><\/figure>\n<\/figure>\n","protected":false},"excerpt":{"rendered":"<p>INVESTIGACI\u00d3N BIOGEOGR\u00c1FICA | FITOGEOGRAF\u00cdA Hace unos a\u00f1os hicimos este estudio con el fin de elaborar un modelo estad\u00edstico predictivo de la distribuci\u00f3n de los hayedos de la Fagion sylvaticae en la Espa\u00f1a peninsular. El resultado es una funci\u00f3n capaz de clasificar correctamente las presencias y ausencias de la misma en el territorio nacional y de [&hellip;]<\/p>\n","protected":false},"author":1,"featured_media":246,"comment_status":"closed","ping_status":"open","sticky":false,"template":"","format":"standard","meta":{"footnotes":""},"categories":[7],"tags":[],"class_list":["post-243","post","type-post","status-publish","format-standard","has-post-thumbnail","hentry","category-biogeografia"],"_links":{"self":[{"href":"https:\/\/divulganatura.com\/index.php\/wp-json\/wp\/v2\/posts\/243","targetHints":{"allow":["GET"]}}],"collection":[{"href":"https:\/\/divulganatura.com\/index.php\/wp-json\/wp\/v2\/posts"}],"about":[{"href":"https:\/\/divulganatura.com\/index.php\/wp-json\/wp\/v2\/types\/post"}],"author":[{"embeddable":true,"href":"https:\/\/divulganatura.com\/index.php\/wp-json\/wp\/v2\/users\/1"}],"replies":[{"embeddable":true,"href":"https:\/\/divulganatura.com\/index.php\/wp-json\/wp\/v2\/comments?post=243"}],"version-history":[{"count":1,"href":"https:\/\/divulganatura.com\/index.php\/wp-json\/wp\/v2\/posts\/243\/revisions"}],"predecessor-version":[{"id":248,"href":"https:\/\/divulganatura.com\/index.php\/wp-json\/wp\/v2\/posts\/243\/revisions\/248"}],"wp:featuredmedia":[{"embeddable":true,"href":"https:\/\/divulganatura.com\/index.php\/wp-json\/wp\/v2\/media\/246"}],"wp:attachment":[{"href":"https:\/\/divulganatura.com\/index.php\/wp-json\/wp\/v2\/media?parent=243"}],"wp:term":[{"taxonomy":"category","embeddable":true,"href":"https:\/\/divulganatura.com\/index.php\/wp-json\/wp\/v2\/categories?post=243"},{"taxonomy":"post_tag","embeddable":true,"href":"https:\/\/divulganatura.com\/index.php\/wp-json\/wp\/v2\/tags?post=243"}],"curies":[{"name":"wp","href":"https:\/\/api.w.org\/{rel}","templated":true}]}}