{"id":621,"date":"2025-07-25T14:06:10","date_gmt":"2025-07-25T14:06:10","guid":{"rendered":"https:\/\/divulganatura.com\/?p=621"},"modified":"2025-07-25T14:06:10","modified_gmt":"2025-07-25T14:06:10","slug":"visitando-el-parque-nacional-de-ecrins-francia","status":"publish","type":"post","link":"https:\/\/divulganatura.com\/index.php\/2025\/07\/25\/visitando-el-parque-nacional-de-ecrins-francia\/","title":{"rendered":"Visitando el Parque nacional de \u00c9crins, Francia"},"content":{"rendered":"\n<p><strong>\ud83d\uddfb Parque Nacional de \u00c9crins: caracter\u00edsticas naturales y ecol\u00f3gicas<\/strong><\/p>\n\n\n\n<p>El Parque Nacional de \u00c9crins est\u00e1 situado en el sureste de Francia, entre los departamentos de Is\u00e8re y Hautes-Alpes, en la regi\u00f3n alpina. Fue establecido en <strong>1973 <\/strong>y constituye una de las diez \u00e1reas protegidas clasificadas como parques nacionales en Francia. Su superficie protegida alcanza las <strong>91.800 hect\u00e1reas<\/strong> de zona n\u00facleo, con una zona perif\u00e9rica que supera las <strong>170.000 hect\u00e1reas<\/strong>. Se trata de una de las \u00e1reas de conservaci\u00f3n m\u00e1s extensas del pa\u00eds.<\/p>\n\n\n\n<p>El relieve del parque es monta\u00f1oso y est\u00e1 dominado por el macizo de \u00c9crins, un conjunto alpino que incluye cumbres <strong>superiores a los 3.000 metros<\/strong>. La m\u00e1s elevada es la <strong>Barre des \u00c9crins<\/strong>, con <strong>4.102 metros<\/strong>.<\/p>\n\n\n\n<p>El parque incluye numerosos glaciares, siendo los m\u00e1s relevantes el <strong>glaciar Blanc<\/strong> y el<strong> glaciar Noir<\/strong>. Estos elementos glaciares son remanentes de las etapas fr\u00edas del Cuaternario y est\u00e1n en proceso de reducci\u00f3n por causas asociadas al cambio clim\u00e1tico.<\/p>\n\n\n\n<p>Desde el punto de vista geol\u00f3gico, el parque presenta una gran diversidad de litolog\u00edas. Las formaciones incluyen rocas \u00edgneas (como granito), metam\u00f3rficas (gneis, esquistos) y sedimentarias (calizas, margas, dolom\u00edas). Esta variedad refleja una evoluci\u00f3n geol\u00f3gica compleja, relacionada con la orogenia alpina y los procesos tect\u00f3nicos asociados al cierre del oc\u00e9ano de Tethys y la colisi\u00f3n entre las placas africana y euroasi\u00e1tica. La morfolog\u00eda glacial actual tambi\u00e9n se explica por la acci\u00f3n de los glaciares cuaternarios, que han modelado valles en U, circos y morrenas.<\/p>\n\n\n\n<figure class=\"wp-block-image size-large\"><img decoding=\"async\" width=\"1024\" height=\"683\" data-src=\"https:\/\/divulganatura.com\/wp-content\/uploads\/2025\/07\/IMG_9565-1024x683.jpg\" alt=\"\" class=\"wp-image-628 lazyload\" data-srcset=\"https:\/\/divulganatura.com\/wp-content\/uploads\/2025\/07\/IMG_9565-1024x683.jpg 1024w, https:\/\/divulganatura.com\/wp-content\/uploads\/2025\/07\/IMG_9565-300x200.jpg 300w, https:\/\/divulganatura.com\/wp-content\/uploads\/2025\/07\/IMG_9565-768x512.jpg 768w, https:\/\/divulganatura.com\/wp-content\/uploads\/2025\/07\/IMG_9565-1536x1024.jpg 1536w, https:\/\/divulganatura.com\/wp-content\/uploads\/2025\/07\/IMG_9565-2048x1365.jpg 2048w\" data-sizes=\"(max-width: 1024px) 100vw, 1024px\" src=\"data:image\/svg+xml;base64,PHN2ZyB3aWR0aD0iMSIgaGVpZ2h0PSIxIiB4bWxucz0iaHR0cDovL3d3dy53My5vcmcvMjAwMC9zdmciPjwvc3ZnPg==\" style=\"--smush-placeholder-width: 1024px; --smush-placeholder-aspect-ratio: 1024\/683;\" \/><\/figure>\n\n\n\n<figure class=\"wp-block-image size-large\"><img decoding=\"async\" width=\"1024\" height=\"683\" data-src=\"https:\/\/divulganatura.com\/wp-content\/uploads\/2025\/07\/IMG_9557-1024x683.jpg\" alt=\"\" class=\"wp-image-622 lazyload\" data-srcset=\"https:\/\/divulganatura.com\/wp-content\/uploads\/2025\/07\/IMG_9557-1024x683.jpg 1024w, https:\/\/divulganatura.com\/wp-content\/uploads\/2025\/07\/IMG_9557-300x200.jpg 300w, https:\/\/divulganatura.com\/wp-content\/uploads\/2025\/07\/IMG_9557-768x512.jpg 768w, https:\/\/divulganatura.com\/wp-content\/uploads\/2025\/07\/IMG_9557-1536x1024.jpg 1536w, https:\/\/divulganatura.com\/wp-content\/uploads\/2025\/07\/IMG_9557-2048x1365.jpg 2048w\" data-sizes=\"(max-width: 1024px) 100vw, 1024px\" src=\"data:image\/svg+xml;base64,PHN2ZyB3aWR0aD0iMSIgaGVpZ2h0PSIxIiB4bWxucz0iaHR0cDovL3d3dy53My5vcmcvMjAwMC9zdmciPjwvc3ZnPg==\" style=\"--smush-placeholder-width: 1024px; --smush-placeholder-aspect-ratio: 1024\/683;\" \/><\/figure>\n\n\n\n<figure class=\"wp-block-image size-large\"><img decoding=\"async\" width=\"1024\" height=\"683\" data-src=\"https:\/\/divulganatura.com\/wp-content\/uploads\/2025\/07\/IMG_9545-1024x683.jpg\" alt=\"\" class=\"wp-image-626 lazyload\" data-srcset=\"https:\/\/divulganatura.com\/wp-content\/uploads\/2025\/07\/IMG_9545-1024x683.jpg 1024w, https:\/\/divulganatura.com\/wp-content\/uploads\/2025\/07\/IMG_9545-300x200.jpg 300w, https:\/\/divulganatura.com\/wp-content\/uploads\/2025\/07\/IMG_9545-768x512.jpg 768w, https:\/\/divulganatura.com\/wp-content\/uploads\/2025\/07\/IMG_9545-1536x1024.jpg 1536w, https:\/\/divulganatura.com\/wp-content\/uploads\/2025\/07\/IMG_9545-2048x1365.jpg 2048w\" data-sizes=\"(max-width: 1024px) 100vw, 1024px\" src=\"data:image\/svg+xml;base64,PHN2ZyB3aWR0aD0iMSIgaGVpZ2h0PSIxIiB4bWxucz0iaHR0cDovL3d3dy53My5vcmcvMjAwMC9zdmciPjwvc3ZnPg==\" style=\"--smush-placeholder-width: 1024px; --smush-placeholder-aspect-ratio: 1024\/683;\" \/><\/figure>\n\n\n\n<p>El clima en el parque es predominantemente alpino, con inviernos fr\u00edos y prolongados y veranos breves. No obstante, se observa un gradiente de influencia mediterr\u00e1nea hacia el sur y oeste del parque, que genera condiciones m\u00e1s secas y c\u00e1lidas en cotas bajas \ud83c\udf21\ufe0f. La altitud tiene una influencia directa sobre la distribuci\u00f3n t\u00e9rmica, pluvial y de la nieve, lo que condiciona el tipo de h\u00e1bitats presentes.<\/p>\n\n\n\n<figure class=\"wp-block-image size-large\"><img decoding=\"async\" width=\"1024\" height=\"683\" data-src=\"https:\/\/divulganatura.com\/wp-content\/uploads\/2025\/07\/IMG_9579-1024x683.jpg\" alt=\"\" class=\"wp-image-625 lazyload\" data-srcset=\"https:\/\/divulganatura.com\/wp-content\/uploads\/2025\/07\/IMG_9579-1024x683.jpg 1024w, https:\/\/divulganatura.com\/wp-content\/uploads\/2025\/07\/IMG_9579-300x200.jpg 300w, https:\/\/divulganatura.com\/wp-content\/uploads\/2025\/07\/IMG_9579-768x512.jpg 768w, https:\/\/divulganatura.com\/wp-content\/uploads\/2025\/07\/IMG_9579-1536x1024.jpg 1536w, https:\/\/divulganatura.com\/wp-content\/uploads\/2025\/07\/IMG_9579-2048x1365.jpg 2048w\" data-sizes=\"(max-width: 1024px) 100vw, 1024px\" src=\"data:image\/svg+xml;base64,PHN2ZyB3aWR0aD0iMSIgaGVpZ2h0PSIxIiB4bWxucz0iaHR0cDovL3d3dy53My5vcmcvMjAwMC9zdmciPjwvc3ZnPg==\" style=\"--smush-placeholder-width: 1024px; --smush-placeholder-aspect-ratio: 1024\/683;\" \/><\/figure>\n\n\n\n<figure class=\"wp-block-image size-large\"><img decoding=\"async\" width=\"1024\" height=\"683\" data-src=\"https:\/\/divulganatura.com\/wp-content\/uploads\/2025\/07\/IMG_9570-1024x683.jpg\" alt=\"\" class=\"wp-image-623 lazyload\" data-srcset=\"https:\/\/divulganatura.com\/wp-content\/uploads\/2025\/07\/IMG_9570-1024x683.jpg 1024w, https:\/\/divulganatura.com\/wp-content\/uploads\/2025\/07\/IMG_9570-300x200.jpg 300w, https:\/\/divulganatura.com\/wp-content\/uploads\/2025\/07\/IMG_9570-768x512.jpg 768w, https:\/\/divulganatura.com\/wp-content\/uploads\/2025\/07\/IMG_9570-1536x1024.jpg 1536w, https:\/\/divulganatura.com\/wp-content\/uploads\/2025\/07\/IMG_9570-2048x1365.jpg 2048w\" data-sizes=\"(max-width: 1024px) 100vw, 1024px\" src=\"data:image\/svg+xml;base64,PHN2ZyB3aWR0aD0iMSIgaGVpZ2h0PSIxIiB4bWxucz0iaHR0cDovL3d3dy53My5vcmcvMjAwMC9zdmciPjwvc3ZnPg==\" style=\"--smush-placeholder-width: 1024px; --smush-placeholder-aspect-ratio: 1024\/683;\" \/><\/figure>\n\n\n\n<figure class=\"wp-block-image size-large\"><img decoding=\"async\" width=\"1024\" height=\"683\" data-src=\"https:\/\/divulganatura.com\/wp-content\/uploads\/2025\/07\/IMG_9539-1024x683.jpg\" alt=\"\" class=\"wp-image-624 lazyload\" data-srcset=\"https:\/\/divulganatura.com\/wp-content\/uploads\/2025\/07\/IMG_9539-1024x683.jpg 1024w, https:\/\/divulganatura.com\/wp-content\/uploads\/2025\/07\/IMG_9539-300x200.jpg 300w, https:\/\/divulganatura.com\/wp-content\/uploads\/2025\/07\/IMG_9539-768x512.jpg 768w, https:\/\/divulganatura.com\/wp-content\/uploads\/2025\/07\/IMG_9539-1536x1024.jpg 1536w, https:\/\/divulganatura.com\/wp-content\/uploads\/2025\/07\/IMG_9539-2048x1365.jpg 2048w\" data-sizes=\"(max-width: 1024px) 100vw, 1024px\" src=\"data:image\/svg+xml;base64,PHN2ZyB3aWR0aD0iMSIgaGVpZ2h0PSIxIiB4bWxucz0iaHR0cDovL3d3dy53My5vcmcvMjAwMC9zdmciPjwvc3ZnPg==\" style=\"--smush-placeholder-width: 1024px; --smush-placeholder-aspect-ratio: 1024\/683;\" \/><\/figure>\n\n\n\n<figure class=\"wp-block-gallery has-nested-images columns-default is-cropped wp-block-gallery-1 is-layout-flex wp-block-gallery-is-layout-flex\">\n<figure class=\"wp-block-image size-large\"><img decoding=\"async\" width=\"461\" height=\"1024\" data-id=\"641\" data-src=\"https:\/\/divulganatura.com\/wp-content\/uploads\/2025\/07\/1-461x1024.jpg\" alt=\"\" class=\"wp-image-641 lazyload\" data-srcset=\"https:\/\/divulganatura.com\/wp-content\/uploads\/2025\/07\/1-461x1024.jpg 461w, https:\/\/divulganatura.com\/wp-content\/uploads\/2025\/07\/1-135x300.jpg 135w, https:\/\/divulganatura.com\/wp-content\/uploads\/2025\/07\/1-768x1708.jpg 768w, https:\/\/divulganatura.com\/wp-content\/uploads\/2025\/07\/1-691x1536.jpg 691w, https:\/\/divulganatura.com\/wp-content\/uploads\/2025\/07\/1.jpg 921w\" data-sizes=\"(max-width: 461px) 100vw, 461px\" src=\"data:image\/svg+xml;base64,PHN2ZyB3aWR0aD0iMSIgaGVpZ2h0PSIxIiB4bWxucz0iaHR0cDovL3d3dy53My5vcmcvMjAwMC9zdmciPjwvc3ZnPg==\" style=\"--smush-placeholder-width: 461px; --smush-placeholder-aspect-ratio: 461\/1024;\" \/><\/figure>\n\n\n\n<figure class=\"wp-block-image size-large\"><img decoding=\"async\" width=\"577\" height=\"1024\" data-id=\"638\" data-src=\"https:\/\/divulganatura.com\/wp-content\/uploads\/2025\/07\/2-577x1024.jpg\" alt=\"\" class=\"wp-image-638 lazyload\" data-srcset=\"https:\/\/divulganatura.com\/wp-content\/uploads\/2025\/07\/2-577x1024.jpg 577w, https:\/\/divulganatura.com\/wp-content\/uploads\/2025\/07\/2-169x300.jpg 169w, https:\/\/divulganatura.com\/wp-content\/uploads\/2025\/07\/2-768x1364.jpg 768w, https:\/\/divulganatura.com\/wp-content\/uploads\/2025\/07\/2-865x1536.jpg 865w, https:\/\/divulganatura.com\/wp-content\/uploads\/2025\/07\/2-1024x1819.jpg 1024w, https:\/\/divulganatura.com\/wp-content\/uploads\/2025\/07\/2.jpg 1153w\" data-sizes=\"(max-width: 577px) 100vw, 577px\" src=\"data:image\/svg+xml;base64,PHN2ZyB3aWR0aD0iMSIgaGVpZ2h0PSIxIiB4bWxucz0iaHR0cDovL3d3dy53My5vcmcvMjAwMC9zdmciPjwvc3ZnPg==\" style=\"--smush-placeholder-width: 577px; --smush-placeholder-aspect-ratio: 577\/1024;\" \/><\/figure>\n\n\n\n<figure class=\"wp-block-image size-large\"><img decoding=\"async\" width=\"577\" height=\"1024\" data-id=\"639\" data-src=\"https:\/\/divulganatura.com\/wp-content\/uploads\/2025\/07\/3-577x1024.jpg\" alt=\"\" class=\"wp-image-639 lazyload\" data-srcset=\"https:\/\/divulganatura.com\/wp-content\/uploads\/2025\/07\/3-577x1024.jpg 577w, https:\/\/divulganatura.com\/wp-content\/uploads\/2025\/07\/3-169x300.jpg 169w, https:\/\/divulganatura.com\/wp-content\/uploads\/2025\/07\/3-768x1364.jpg 768w, https:\/\/divulganatura.com\/wp-content\/uploads\/2025\/07\/3-865x1536.jpg 865w, https:\/\/divulganatura.com\/wp-content\/uploads\/2025\/07\/3-1024x1819.jpg 1024w, https:\/\/divulganatura.com\/wp-content\/uploads\/2025\/07\/3.jpg 1153w\" data-sizes=\"(max-width: 577px) 100vw, 577px\" src=\"data:image\/svg+xml;base64,PHN2ZyB3aWR0aD0iMSIgaGVpZ2h0PSIxIiB4bWxucz0iaHR0cDovL3d3dy53My5vcmcvMjAwMC9zdmciPjwvc3ZnPg==\" style=\"--smush-placeholder-width: 577px; --smush-placeholder-aspect-ratio: 577\/1024;\" \/><\/figure>\n<\/figure>\n\n\n\n<p>La biodiversidad del parque es elevada. Se han catalogado m\u00e1s de 1.800 especies vegetales, muchas de las cuales son propias de ambientes alpinos o subalpinos. Entre las especies caracter\u00edsticas destacan la genciana (Gentiana alpina), el edelweiss (Leontopodium alpinum), varias especies de sax\u00edfragas, as\u00ed como praderas de Festuca, Sesleria y otras gram\u00edneas adaptadas a suelos pobres y climas extremos \ud83c\udf31. A mayores altitudes predominan comunidades vegetales adaptadas a la crionivaci\u00f3n y la insolaci\u00f3n elevada.<\/p>\n\n\n\n<figure class=\"wp-block-image size-large\"><img decoding=\"async\" width=\"1024\" height=\"683\" data-src=\"https:\/\/divulganatura.com\/wp-content\/uploads\/2025\/07\/IMG_9548-1024x683.jpg\" alt=\"\" class=\"wp-image-633 lazyload\" data-srcset=\"https:\/\/divulganatura.com\/wp-content\/uploads\/2025\/07\/IMG_9548-1024x683.jpg 1024w, https:\/\/divulganatura.com\/wp-content\/uploads\/2025\/07\/IMG_9548-300x200.jpg 300w, https:\/\/divulganatura.com\/wp-content\/uploads\/2025\/07\/IMG_9548-768x512.jpg 768w, https:\/\/divulganatura.com\/wp-content\/uploads\/2025\/07\/IMG_9548-1536x1024.jpg 1536w, https:\/\/divulganatura.com\/wp-content\/uploads\/2025\/07\/IMG_9548-2048x1365.jpg 2048w\" data-sizes=\"(max-width: 1024px) 100vw, 1024px\" src=\"data:image\/svg+xml;base64,PHN2ZyB3aWR0aD0iMSIgaGVpZ2h0PSIxIiB4bWxucz0iaHR0cDovL3d3dy53My5vcmcvMjAwMC9zdmciPjwvc3ZnPg==\" style=\"--smush-placeholder-width: 1024px; --smush-placeholder-aspect-ratio: 1024\/683;\" \/><figcaption class=\"wp-element-caption\">Sempervivum arachnoideum<\/figcaption><\/figure>\n\n\n\n<p>La fauna tambi\u00e9n presenta un alto grado de especializaci\u00f3n. En t\u00e9rminos de mam\u00edferos, destacan el rebeco (Rupicapra rupicapra), el \u00edbice alpino (Capra ibex) \ud83d\udc10, la marmota alpina (Marmota marmota) y varios must\u00e9lidos como la marta. Entre los grandes carn\u00edvoros, el lobo (Canis lupus) ha recolonizado el parque desde la d\u00e9cada de 1990, tras su reintroducci\u00f3n natural desde Italia. No se han registrado poblaciones de oso pardo ni lince en esta \u00e1rea.<\/p>\n\n\n\n<figure class=\"wp-block-image size-large\"><img decoding=\"async\" width=\"1024\" height=\"683\" data-src=\"https:\/\/divulganatura.com\/wp-content\/uploads\/2025\/07\/IMG_9508-1024x683.jpg\" alt=\"\" class=\"wp-image-636 lazyload\" data-srcset=\"https:\/\/divulganatura.com\/wp-content\/uploads\/2025\/07\/IMG_9508-1024x683.jpg 1024w, https:\/\/divulganatura.com\/wp-content\/uploads\/2025\/07\/IMG_9508-300x200.jpg 300w, https:\/\/divulganatura.com\/wp-content\/uploads\/2025\/07\/IMG_9508-768x512.jpg 768w, https:\/\/divulganatura.com\/wp-content\/uploads\/2025\/07\/IMG_9508-1536x1024.jpg 1536w, https:\/\/divulganatura.com\/wp-content\/uploads\/2025\/07\/IMG_9508-2048x1365.jpg 2048w\" data-sizes=\"(max-width: 1024px) 100vw, 1024px\" src=\"data:image\/svg+xml;base64,PHN2ZyB3aWR0aD0iMSIgaGVpZ2h0PSIxIiB4bWxucz0iaHR0cDovL3d3dy53My5vcmcvMjAwMC9zdmciPjwvc3ZnPg==\" style=\"--smush-placeholder-width: 1024px; --smush-placeholder-aspect-ratio: 1024\/683;\" \/><figcaption class=\"wp-element-caption\">Trichius sp.<\/figcaption><\/figure>\n\n\n\n<figure class=\"wp-block-image size-large\"><img decoding=\"async\" width=\"1024\" height=\"683\" data-src=\"https:\/\/divulganatura.com\/wp-content\/uploads\/2025\/07\/IMG_9544-1024x683.jpg\" alt=\"\" class=\"wp-image-631 lazyload\" data-srcset=\"https:\/\/divulganatura.com\/wp-content\/uploads\/2025\/07\/IMG_9544-1024x683.jpg 1024w, https:\/\/divulganatura.com\/wp-content\/uploads\/2025\/07\/IMG_9544-300x200.jpg 300w, https:\/\/divulganatura.com\/wp-content\/uploads\/2025\/07\/IMG_9544-768x512.jpg 768w, https:\/\/divulganatura.com\/wp-content\/uploads\/2025\/07\/IMG_9544-1536x1024.jpg 1536w, https:\/\/divulganatura.com\/wp-content\/uploads\/2025\/07\/IMG_9544-2048x1365.jpg 2048w\" data-sizes=\"(max-width: 1024px) 100vw, 1024px\" src=\"data:image\/svg+xml;base64,PHN2ZyB3aWR0aD0iMSIgaGVpZ2h0PSIxIiB4bWxucz0iaHR0cDovL3d3dy53My5vcmcvMjAwMC9zdmciPjwvc3ZnPg==\" style=\"--smush-placeholder-width: 1024px; --smush-placeholder-aspect-ratio: 1024\/683;\" \/><figcaption class=\"wp-element-caption\">Lycaena virgaureae<\/figcaption><\/figure>\n\n\n\n<p>En cuanto a aves, se ha documentado la presencia del quebrantahuesos (Gypaetus barbatus) \ud83e\udd85, especie necr\u00f3faga reintroducida en los Alpes, as\u00ed como del \u00e1guila real (Aquila chrysaetos), el treparriscos (Tichodroma muraria), el gorri\u00f3n alpino y el acentor alpino. La avifauna refleja una adaptaci\u00f3n generalizada a ambientes de alta monta\u00f1a y escasa vegetaci\u00f3n arb\u00f3rea.<\/p>\n\n\n\n<p>Los cursos de agua en el parque son de r\u00e9gimen nival, con caudales m\u00e1ximos durante el deshielo (final de primavera e inicios del verano). La red hidrogr\u00e1fica alimenta varios afluentes de los r\u00edos Drac, Romanche y Durance. Las lagunas y lagos de origen glaciar representan ecosistemas de inter\u00e9s ecol\u00f3gico, tanto por su pureza como por la presencia de especies end\u00e9micas de invertebrados y anfibios.<\/p>\n\n\n\n<p>El uso humano del territorio se caracteriza por una densidad de poblaci\u00f3n baja y una econom\u00eda basada en el turismo, la ganader\u00eda extensiva y, en menor medida, la agricultura de monta\u00f1a. Existen pr\u00e1cticas tradicionales de trashumancia y aprovechamiento de pastos de altura (alpages) durante el verano. Estas actividades, reguladas por el parque, forman parte del sistema socioecol\u00f3gico del territorio y tienen efectos sobre la biodiversidad, tanto positivos (mantenimiento de praderas abiertas) como negativos (compactaci\u00f3n del suelo, perturbaci\u00f3n de especies sensibles) \ud83d\udc04.<\/p>\n\n\n\n<p>El parque incluye una red de senderos se\u00f1alizados, refugios de monta\u00f1a y centros de interpretaci\u00f3n destinados a la educaci\u00f3n ambiental. Uno de los itinerarios m\u00e1s conocidos es el GR54, un recorrido de 180 km que rodea el macizo de \u00c9crins. Estas infraestructuras est\u00e1n dise\u00f1adas para compatibilizar el uso recreativo con la conservaci\u00f3n del medio.<\/p>\n\n\n\n<figure class=\"wp-block-image size-large\"><img decoding=\"async\" width=\"1024\" height=\"683\" data-src=\"https:\/\/divulganatura.com\/wp-content\/uploads\/2025\/07\/IMG_9576-1024x683.jpg\" alt=\"\" class=\"wp-image-634 lazyload\" data-srcset=\"https:\/\/divulganatura.com\/wp-content\/uploads\/2025\/07\/IMG_9576-1024x683.jpg 1024w, https:\/\/divulganatura.com\/wp-content\/uploads\/2025\/07\/IMG_9576-300x200.jpg 300w, https:\/\/divulganatura.com\/wp-content\/uploads\/2025\/07\/IMG_9576-768x512.jpg 768w, https:\/\/divulganatura.com\/wp-content\/uploads\/2025\/07\/IMG_9576-1536x1024.jpg 1536w, https:\/\/divulganatura.com\/wp-content\/uploads\/2025\/07\/IMG_9576-2048x1365.jpg 2048w\" data-sizes=\"(max-width: 1024px) 100vw, 1024px\" src=\"data:image\/svg+xml;base64,PHN2ZyB3aWR0aD0iMSIgaGVpZ2h0PSIxIiB4bWxucz0iaHR0cDovL3d3dy53My5vcmcvMjAwMC9zdmciPjwvc3ZnPg==\" style=\"--smush-placeholder-width: 1024px; --smush-placeholder-aspect-ratio: 1024\/683;\" \/><\/figure>\n\n\n\n<p>En t\u00e9rminos de gobernanza, el Parque Nacional de \u00c9crins est\u00e1 gestionado por un organismo p\u00fablico dependiente del Ministerio de Transici\u00f3n Ecol\u00f3gica de Francia. Su gesti\u00f3n se basa en un plan rector que establece zonas de reserva integral, zonas de libre acceso regulado y zonas perif\u00e9ricas de influencia. El marco normativo proh\u00edbe o restringe actividades como la caza, la recolecci\u00f3n de flora, el uso de veh\u00edculos a motor fuera de caminos autorizados y la acampada libre \ud83d\uded1.<\/p>\n\n\n\n<p>Los principales retos actuales del parque incluyen la presi\u00f3n tur\u00edstica en determinadas \u00e9pocas del a\u00f1o, la evoluci\u00f3n de los glaciares y de la l\u00ednea de nieve debido al calentamiento global, la conectividad ecol\u00f3gica con otras \u00e1reas protegidas alpinas y la compatibilidad de actividades humanas con la conservaci\u00f3n a largo plazo. El seguimiento cient\u00edfico continuo de especies sensibles, h\u00e1bitats prioritarios y procesos f\u00edsicos (como el retroceso glaciar) forma parte del programa de monitoreo ecol\u00f3gico del parque \ud83d\udd2c.<\/p>\n\n\n\n<p>En resumen, el Parque Nacional de \u00c9crins constituye un \u00e1rea de referencia en la conservaci\u00f3n de ambientes alpinos en Europa occidental. Su valor radica tanto en la diversidad de sistemas ecol\u00f3gicos como en su geodiversidad, la existencia de especies emblem\u00e1ticas y su papel como espacio de estudio para el cambio global.<\/p>\n\n\n\n<figure class=\"wp-block-image size-large\"><img decoding=\"async\" width=\"1024\" height=\"683\" data-src=\"https:\/\/divulganatura.com\/wp-content\/uploads\/2025\/07\/IMG_9578-1024x683.jpg\" alt=\"\" class=\"wp-image-642 lazyload\" data-srcset=\"https:\/\/divulganatura.com\/wp-content\/uploads\/2025\/07\/IMG_9578-1024x683.jpg 1024w, https:\/\/divulganatura.com\/wp-content\/uploads\/2025\/07\/IMG_9578-300x200.jpg 300w, https:\/\/divulganatura.com\/wp-content\/uploads\/2025\/07\/IMG_9578-768x512.jpg 768w, https:\/\/divulganatura.com\/wp-content\/uploads\/2025\/07\/IMG_9578-1536x1024.jpg 1536w, https:\/\/divulganatura.com\/wp-content\/uploads\/2025\/07\/IMG_9578-2048x1365.jpg 2048w\" data-sizes=\"(max-width: 1024px) 100vw, 1024px\" src=\"data:image\/svg+xml;base64,PHN2ZyB3aWR0aD0iMSIgaGVpZ2h0PSIxIiB4bWxucz0iaHR0cDovL3d3dy53My5vcmcvMjAwMC9zdmciPjwvc3ZnPg==\" style=\"--smush-placeholder-width: 1024px; --smush-placeholder-aspect-ratio: 1024\/683;\" \/><\/figure>\n\n\n\n<p><\/p>\n","protected":false},"excerpt":{"rendered":"<p>\ud83d\uddfb Parque Nacional de \u00c9crins: caracter\u00edsticas naturales y ecol\u00f3gicas El Parque Nacional de \u00c9crins est\u00e1 situado en el sureste de Francia, entre los departamentos de Is\u00e8re y Hautes-Alpes, en la regi\u00f3n alpina. Fue establecido en 1973 y constituye una de las diez \u00e1reas protegidas clasificadas como parques nacionales en Francia. Su superficie protegida alcanza las [&hellip;]<\/p>\n","protected":false},"author":1,"featured_media":622,"comment_status":"closed","ping_status":"","sticky":false,"template":"","format":"standard","meta":{"footnotes":""},"categories":[16,15],"tags":[],"class_list":["post-621","post","type-post","status-publish","format-standard","has-post-thumbnail","hentry","category-espacios-naturales","category-viajes"],"_links":{"self":[{"href":"https:\/\/divulganatura.com\/index.php\/wp-json\/wp\/v2\/posts\/621","targetHints":{"allow":["GET"]}}],"collection":[{"href":"https:\/\/divulganatura.com\/index.php\/wp-json\/wp\/v2\/posts"}],"about":[{"href":"https:\/\/divulganatura.com\/index.php\/wp-json\/wp\/v2\/types\/post"}],"author":[{"embeddable":true,"href":"https:\/\/divulganatura.com\/index.php\/wp-json\/wp\/v2\/users\/1"}],"replies":[{"embeddable":true,"href":"https:\/\/divulganatura.com\/index.php\/wp-json\/wp\/v2\/comments?post=621"}],"version-history":[{"count":1,"href":"https:\/\/divulganatura.com\/index.php\/wp-json\/wp\/v2\/posts\/621\/revisions"}],"predecessor-version":[{"id":643,"href":"https:\/\/divulganatura.com\/index.php\/wp-json\/wp\/v2\/posts\/621\/revisions\/643"}],"wp:featuredmedia":[{"embeddable":true,"href":"https:\/\/divulganatura.com\/index.php\/wp-json\/wp\/v2\/media\/622"}],"wp:attachment":[{"href":"https:\/\/divulganatura.com\/index.php\/wp-json\/wp\/v2\/media?parent=621"}],"wp:term":[{"taxonomy":"category","embeddable":true,"href":"https:\/\/divulganatura.com\/index.php\/wp-json\/wp\/v2\/categories?post=621"},{"taxonomy":"post_tag","embeddable":true,"href":"https:\/\/divulganatura.com\/index.php\/wp-json\/wp\/v2\/tags?post=621"}],"curies":[{"name":"wp","href":"https:\/\/api.w.org\/{rel}","templated":true}]}}